{"id":8984,"date":"2016-06-30T17:24:00","date_gmt":"2016-06-30T22:24:00","guid":{"rendered":"http:\/\/www.pirwahostelscusco.com\/pt\/blog\/?p=8984"},"modified":"2016-09-05T09:06:26","modified_gmt":"2016-09-05T14:06:26","slug":"a-montanha-arco-iris-cerro-colorado-em-cusco-peru","status":"publish","type":"post","link":"https:\/\/pirwatravel.com\/pt\/blog\/a-montanha-arco-iris-cerro-colorado-em-cusco-peru\/","title":{"rendered":"A Montanha Arco-\u00cdris (Cerro colorado) em Cusco, Peru."},"content":{"rendered":"<p>A Montanha Arco-\u00cdris (Cerro colorado-Vinicunca) em <a href=\"https:\/\/www.pirwatravel.com\/pt\/travel\/cusco-1\/\">Cusco, Peru.<\/a><\/p>\n<p>Ol\u00e1 leitores de nosso blog hoje vamos falar do trek de 2 dias a\u00a0 montanha Arco \u00edris. Esta caminhada vai satisfazer mais exigente e ter\u00e1 mem\u00f3rias inesquec\u00edveis como panoramas suntuosos de alta montanha, geleiras formid\u00e1veis e rios cristalinos, lagos azul-turquesa, cenas pastorais pac\u00edficos do rebanho de alpacas e ver os nativos com sus roupas multicoloridas. Continuem lendo clicando em ler mais.<!--more-->A Montanha do arco-\u00edris Vinicunca em <a href=\"https:\/\/www.pirwatravel.com\/pt\/travel\/cusco-1\/\">Cusco<\/a>, s\u00e3o impressionantes e podem ser vistos na espetacular Ausangate Trek. A pr\u00f3pria montanha Ausangate \u00e9 considerado uma montanha sagrada (ou esp\u00edrito da montanha) pelos peruanos locais e \u00e9 a divindade de Cusco. Desde tempos pr\u00e9-Inca da montanha tem sido um local de culto e ofertas e esta tradi\u00e7\u00e3o continua at\u00e9 hoje. Uma jornada por uma terra desconhecida de paisagens de deserto selvagem, picos cobertos de neve, rebanhos de alpaca. Ao longo de sua jornada, voc\u00ea vai passar por um vale verde vibrante, com a impressionante imponente montanha Ausangate na dist\u00e2ncia. Voc\u00ea vai experimentar em primeira m\u00e3o como os moradores vivem nas montanhas e at\u00e9 mesmo ter a oportunidade de falar com eles. Como voc\u00ea se aproximar da montanha do arco-\u00edris, voc\u00ea come\u00e7ar\u00e1 a ver os primeiros sinais dos minerais coloridas que formavam as colinas pintadas. Seu guia ir\u00e1 explicar o que torna-se a exist\u00eancia da Montanha do arco-\u00edris, e, finalmente, com um \u00faltimo impulso voc\u00ea vai caminhar at\u00e9 um ponto de vantagem que lhe d\u00e1 uma vis\u00e3o de 350 graus da bela paisagem que comp\u00f5e a terra sagrada.<\/p>\n<p>A MONTANHA DO ARCO-\u00cdRIS , VINICUNCA est\u00e1 a 5000 metros acima do mar, que \u00e9 mais conhecido pelos moradores como CERRO COLORADO, apenas em 2 dias se chega l\u00e1.<a href=\"http:\/\/www.pirwahostelscusco.com\/pt\/blog\/wp-content\/uploads\/2016\/06\/Colorado-3.jpg\" rel=\"attachment wp-att-8987\"><img decoding=\"async\" loading=\"lazy\" class=\"aligncenter size-full wp-image-8987\" src=\"http:\/\/www.pirwahostelscusco.com\/pt\/blog\/wp-content\/uploads\/2016\/06\/Colorado-3.jpg\" alt=\"Colorado-3\" width=\"1200\" height=\"795\" srcset=\"https:\/\/pirwatravel.com\/pt\/blog\/wp-content\/uploads\/2016\/06\/Colorado-3.jpg 1200w, https:\/\/pirwatravel.com\/pt\/blog\/wp-content\/uploads\/2016\/06\/Colorado-3-300x199.jpg 300w, https:\/\/pirwatravel.com\/pt\/blog\/wp-content\/uploads\/2016\/06\/Colorado-3-768x509.jpg 768w, https:\/\/pirwatravel.com\/pt\/blog\/wp-content\/uploads\/2016\/06\/Colorado-3-1024x678.jpg 1024w\" sizes=\"(max-width: 1200px) 100vw, 1200px\" \/><\/a>As suas forma\u00e7\u00f5es geol\u00f3gicas revelam todo o seu esplendor, num contraste com o c\u00e9u azul formando uma barreira formid\u00e1vel entra no deserto costeiro e a selva amaz\u00f4nica, imponente Cordilheira Vilcanota conta quase tantas geleiras como a Cordilheira Branca, localizado no sul de <a href=\"https:\/\/www.pirwatravel.com\/pt\/travel\/cusco-1\/\">Cusco <\/a>e dominado pela ,montanha Ausangate, que est\u00e1 6384 m, esta \u00e1rea sempre permaneceu isolada das influ\u00eancias externas e os nativos, souberam guardar muito seus costumes e h\u00e1bitos do per\u00edodo Inca e pr\u00e9-colonial. <a href=\"http:\/\/www.pirwahostelscusco.com\/pt\/blog\/wp-content\/uploads\/2016\/06\/gtd.jpg\" rel=\"attachment wp-att-8985\"><img decoding=\"async\" loading=\"lazy\" class=\"alignleft wp-image-8985 size-medium\" src=\"http:\/\/www.pirwahostelscusco.com\/pt\/blog\/wp-content\/uploads\/2016\/06\/gtd-300x191.jpg\" alt=\"gtd\" width=\"300\" height=\"191\" srcset=\"https:\/\/pirwatravel.com\/pt\/blog\/wp-content\/uploads\/2016\/06\/gtd-300x191.jpg 300w, https:\/\/pirwatravel.com\/pt\/blog\/wp-content\/uploads\/2016\/06\/gtd.jpg 550w\" sizes=\"(max-width: 300px) 100vw, 300px\" \/><\/a>Esta caminhada vai satisfazer mais exigente e ter\u00e1 mem\u00f3rias inesquec\u00edveis como panoramas suntuosos de alta montanha, geleiras formid\u00e1veis e rios cristalinos, lagos azul-turquesa, cenas pastorais pac\u00edficos do rebanho de alpacas e ver os nativos com sus roupas multicoloridas. Esta nova rota, \u00e9 uma verdadeira aventura atrav\u00e9s de uma natureza preservada e selvagem, onde voc\u00ea ver A montanha do arco-\u00edris Vinicunca, as montanhas coloridas ou pucapunta, a montanha vermelha, voc\u00ea ver\u00e1 as pequenas comunidades de Quechua de l\u00edngua descendentes do Incas.<\/p>\n<p>Pra maiores informa\u00e7\u00f5es, escreva nos podemos organizar o seu trek para a <strong>Montanha arco-\u00edris Vinicunca de un trek de 2 dias em <a href=\"https:\/\/www.pirwatravel.com\/pt\/travel\/cusco-1\/\">Cusco<\/a>. <\/strong>Oferecemos v\u00e1rios tipos de passeios, excurs\u00f5es, tours, sejam arqueol\u00f3gicos, culturais, caminhadas, escaladas, canoagem, turismo ecol\u00f3gico etc. Para maiores favor escreve nos reservaspirwa@gmail.com <img decoding=\"async\" loading=\"lazy\" class=\"aligncenter size-full wp-image-8146\" src=\"http:\/\/www.pirwahostelscusco.com\/pt\/blog\/wp-content\/uploads\/2015\/09\/pirwa-travel.jpg\" sizes=\"(max-width: 1338px) 100vw, 1338px\" srcset=\"http:\/\/www.pirwahostelscusco.com\/pt\/blog\/wp-content\/uploads\/2015\/09\/pirwa-travel-300x213.jpg 300w, http:\/\/www.pirwahostelscusco.com\/pt\/blog\/wp-content\/uploads\/2015\/09\/pirwa-travel-1024x727.jpg 1024w, http:\/\/www.pirwahostelscusco.com\/pt\/blog\/wp-content\/uploads\/2015\/09\/pirwa-travel.jpg 1338w\" alt=\"pirwa travel\" width=\"1338\" height=\"950\" \/><\/p>\n","protected":false},"excerpt":{"rendered":"<p>A Montanha Arco-\u00cdris (Cerro colorado-Vinicunca) em Cusco, Peru. Ol\u00e1 leitores de nosso blog hoje vamos falar do trek de 2 dias a\u00a0 montanha Arco \u00edris. Esta caminhada vai satisfazer mais exigente e ter\u00e1 mem\u00f3rias inesquec\u00edveis como panoramas suntuosos de alta montanha, geleiras formid\u00e1veis e rios cristalinos, lagos azul-turquesa, cenas pastorais pac\u00edficos do rebanho de alpacas e ver os nativos com sus roupas multicoloridas. Continuem lendo clicando em ler mais.<\/p>\n","protected":false},"author":1,"featured_media":0,"comment_status":"closed","ping_status":"open","sticky":false,"template":"","format":"standard","meta":[],"categories":[1],"tags":[],"_links":{"self":[{"href":"https:\/\/pirwatravel.com\/pt\/blog\/wp-json\/wp\/v2\/posts\/8984"}],"collection":[{"href":"https:\/\/pirwatravel.com\/pt\/blog\/wp-json\/wp\/v2\/posts"}],"about":[{"href":"https:\/\/pirwatravel.com\/pt\/blog\/wp-json\/wp\/v2\/types\/post"}],"author":[{"embeddable":true,"href":"https:\/\/pirwatravel.com\/pt\/blog\/wp-json\/wp\/v2\/users\/1"}],"replies":[{"embeddable":true,"href":"https:\/\/pirwatravel.com\/pt\/blog\/wp-json\/wp\/v2\/comments?post=8984"}],"version-history":[{"count":7,"href":"https:\/\/pirwatravel.com\/pt\/blog\/wp-json\/wp\/v2\/posts\/8984\/revisions"}],"predecessor-version":[{"id":9138,"href":"https:\/\/pirwatravel.com\/pt\/blog\/wp-json\/wp\/v2\/posts\/8984\/revisions\/9138"}],"wp:attachment":[{"href":"https:\/\/pirwatravel.com\/pt\/blog\/wp-json\/wp\/v2\/media?parent=8984"}],"wp:term":[{"taxonomy":"category","embeddable":true,"href":"https:\/\/pirwatravel.com\/pt\/blog\/wp-json\/wp\/v2\/categories?post=8984"},{"taxonomy":"post_tag","embeddable":true,"href":"https:\/\/pirwatravel.com\/pt\/blog\/wp-json\/wp\/v2\/tags?post=8984"}],"curies":[{"name":"wp","href":"https:\/\/api.w.org\/{rel}","templated":true}]}}