{"id":8969,"date":"2016-06-18T10:51:29","date_gmt":"2016-06-18T15:51:29","guid":{"rendered":"http:\/\/www.pirwahostelscusco.com\/pt\/blog\/?p=8969"},"modified":"2016-06-18T10:51:41","modified_gmt":"2016-06-18T15:51:41","slug":"conhecam-e-nao-percam-o-inti-raymi-a-incrivel-festa-do-sol-em-cusco-dia-24-junio","status":"publish","type":"post","link":"https:\/\/pirwatravel.com\/pt\/blog\/conhecam-e-nao-percam-o-inti-raymi-a-incrivel-festa-do-sol-em-cusco-dia-24-junio\/","title":{"rendered":"Conhe\u00e7am e n\u00e3o percam o Inti Raymi a incr\u00edvel festa do Sol em Cusco dia 24 Junio."},"content":{"rendered":"<h3>Conhe\u00e7am e n\u00e3o percam o Inti Raymi a incr\u00edvel festa do Sol em Cusco dia 24 Junio.<\/h3>\n<p><img decoding=\"async\" loading=\"lazy\" class=\"alignleft size-full wp-image-7138\" src=\"http:\/\/www.pirwahostelscusco.com\/pt\/blog\/wp-content\/uploads\/2015\/05\/El-Inti-Raymi-o-Fiesta-del-Sol-Cuzco-Per\u00fa-2.jpg\" alt=\"El-Inti-Raymi-o-Fiesta-del-Sol-Cuzco-Per\u00fa-2\" width=\"300\" height=\"247\" \/>Ol\u00e1 leitores hoje vamos falar da maior festa dos Andes. Vamos falar do Inty Raymi a festa do sol em Cuzco, Peru. Inti Raimi, a festa do sol da \u00e9poca do imp\u00e9rio Inca acontecia no final de junho, isto \u00e9, quando o solst\u00edcio de inverno e o sol est\u00e1 mais distante da Terra come\u00e7a. Ou seja, quando a colheita tem in\u00edcio. Todos os anos essa acontece uma encena\u00e7\u00e3o de teatral da festa do sol. Na v\u00e9spera da celebra\u00e7\u00e3o focada na pra\u00e7a principal de Cusco personagens mais importantes do imp\u00e9rio, generais, pr\u00edncipes, governadores e o imperador Inca, todos elegantemente vestidos, segurando seus escudos e cetros. <span style=\"color: #000000;\">J\u00e1 est\u00e3o \u00e1 venda os ingressos, tickets para o festival Inti Raymi em Cusco, Peru. <\/span>Continuem lendo clicando em continue reading.<!--more--><\/p>\n<p>Ol\u00e1 leitores hoje vamos falar da maior festa dos Andes. <img decoding=\"async\" loading=\"lazy\" class=\"alignleft size-medium wp-image-7136\" src=\"http:\/\/www.pirwahostelscusco.com\/pt\/blog\/wp-content\/uploads\/2015\/05\/Inti-Raymi-300x134.jpg\" alt=\"Inti-Raymi\" width=\"300\" height=\"134\" srcset=\"https:\/\/pirwatravel.com\/pt\/blog\/wp-content\/uploads\/2015\/05\/Inti-Raymi-300x134.jpg 300w, https:\/\/pirwatravel.com\/pt\/blog\/wp-content\/uploads\/2015\/05\/Inti-Raymi-1024x460.jpg 1024w, https:\/\/pirwatravel.com\/pt\/blog\/wp-content\/uploads\/2015\/05\/Inti-Raymi.jpg 1074w\" sizes=\"(max-width: 300px) 100vw, 300px\" \/>Vamos falar do Inty Raymi a festa do sol em Cuzco, Peru. Inti Raimi, a festa do sol da \u00e9poca do imp\u00e9rio Inca acontecia no final de junho, isto \u00e9, quando o solst\u00edcio de inverno e o sol est\u00e1 mais distante da Terra come\u00e7a. Ou seja, quando a colheita tem in\u00edcio. Todos os anos essa acontece uma encena\u00e7\u00e3o de teatral da festa do sol.<\/p>\n<p>Na v\u00e9spera da celebra\u00e7\u00e3o focada na pra\u00e7a principal de Cusco personagens mais importantes do imp\u00e9rio, generais, pr\u00edncipes, governadores e o imperador Inca, todos elegantemente vestidos, segurando seus escudos e cetros.<img decoding=\"async\" loading=\"lazy\" class=\"alignright wp-image-7143 size-medium\" src=\"http:\/\/www.pirwahostelscusco.com\/pt\/blog\/wp-content\/uploads\/2015\/05\/inti-raymi-1-300x274.jpg\" alt=\"inti-raymi-1\" width=\"300\" height=\"274\" srcset=\"https:\/\/pirwatravel.com\/pt\/blog\/wp-content\/uploads\/2015\/05\/inti-raymi-1-300x274.jpg 300w, https:\/\/pirwatravel.com\/pt\/blog\/wp-content\/uploads\/2015\/05\/inti-raymi-1.jpg 850w\" sizes=\"(max-width: 300px) 100vw, 300px\" \/>Na escurid\u00e3o, a multid\u00e3o esperou com grande respeito e em sil\u00eancio, a apar\u00eancia do deus-sol. Inca, os sacerdotes e as pessoas prestavam homenagem ao Deus Sol.Eles agradeceu-lhe para a colheita e pediu-lhe para voltar a fertilizar a terra e continuar a dar assist\u00eancia aos filhos de Tahuantinsuyo. Al\u00e9m disso, eles sacrificaram um lama e seus \u00f3rg\u00e3os internos eram usadas para prever o futuro. Com a chegada dos espanh\u00f3is o festival foi proibido pela Igreja Cat\u00f3lica, e s\u00f3 voltou a ser feita a partir de 1942. Hoje, o Inti Raimi tem lugar em 24 de junho de cada ano, coincidindo com o dia do Campesino.<\/p>\n<p>A celebra\u00e7\u00e3o tem lugar na<img decoding=\"async\" loading=\"lazy\" class=\"alignleft wp-image-7137 size-medium\" src=\"http:\/\/www.pirwahostelscusco.com\/pt\/blog\/wp-content\/uploads\/2015\/05\/252230_319603114794844_1661652024_n-300x290.jpg\" alt=\"252230_319603114794844_1661652024_n\" width=\"300\" height=\"290\" srcset=\"https:\/\/pirwatravel.com\/pt\/blog\/wp-content\/uploads\/2015\/05\/252230_319603114794844_1661652024_n-300x290.jpg 300w, https:\/\/pirwatravel.com\/pt\/blog\/wp-content\/uploads\/2015\/05\/252230_319603114794844_1661652024_n.jpg 466w\" sizes=\"(max-width: 300px) 100vw, 300px\" \/> fortaleza de Sacsayhuaman e representa a cerim\u00f3nia como eram realizadas nos tempos do Imp\u00e9rio dos Incas em Cuzco, Peru. Os participantes da encena\u00e7\u00e3o teatral da festa do sol usam , len\u00e7os e m\u00e1scaras e carregam lan\u00e7as r\u00e9plicas das roupas que os Incas usavam em seu tempo. Em saltos r\u00edtmicos formar figuras, gritando em louvor do sol, ao ritmo de flautas e tambores. \u00c9 um grande show, cheio de energia. O personagem principal \u00e9 o Inca Imperador, que \u00e9 eleito por meio de um concurso de habilidades e sua apar\u00eancia \u00e9 imponente, numa liteira carregada por oito vassalos, vestindo um terno com as cores do Tahuantinsuyo, pulseiras de ouro e gargantilhas de penas na cabe\u00e7a. <img decoding=\"async\" loading=\"lazy\" class=\"alignleft size-medium wp-image-7156\" src=\"http:\/\/www.pirwahostelscusco.com\/pt\/blog\/wp-content\/uploads\/2015\/05\/inti-raymi-09-300x150.jpg\" alt=\"inti-raymi-09\" width=\"300\" height=\"150\" srcset=\"https:\/\/pirwatravel.com\/pt\/blog\/wp-content\/uploads\/2015\/05\/inti-raymi-09-300x150.jpg 300w, https:\/\/pirwatravel.com\/pt\/blog\/wp-content\/uploads\/2015\/05\/inti-raymi-09-1024x512.jpg 1024w, https:\/\/pirwatravel.com\/pt\/blog\/wp-content\/uploads\/2015\/05\/inti-raymi-09.jpg 1200w\" sizes=\"(max-width: 300px) 100vw, 300px\" \/><\/p>\n<p>A cerim\u00f4nia contempor\u00e2nea repete, em detalhes, o rito dos tempos dos incas. Uma vez por ano no dia 24 de junho se festeja o Inti Raymi a festa do sol em Cuzco, Peru.<\/p>\n<h3><span style=\"text-decoration: underline; color: #000000;\"><strong>J\u00e1 est\u00e3o \u00e1 venda os ingressos, tickets para o festival Inti Raymi em Cusco.<br \/>\n<\/strong><\/span><\/h3>\n<h3><strong><span style=\"color: #ff0000;\"><span style=\"color: #0000ff;\">Segue a tabela dos pre\u00e7o em d\u00f3lares (USD$) da pagina oficial do evento, divididos por :<\/span> <\/span><\/strong><\/h3>\n<h3><strong><span style=\"color: #ff0000;\"><span style=\"color: #000000;\">Geral &#8211; <\/span><span style=\"color: #000000;\">Crian\u00e7as &#8211; Guias de Turismo.<\/span> <\/span><\/strong><\/h3>\n<h3><strong><span style=\"color: #ff0000;\"><span style=\"color: #000000;\">Zonas : Laranja &#8211; Zona Azul &#8211; Zona Verde.<\/span><\/span><\/strong><\/h3>\n<p>Caso tenha d\u00favidas favor entrar em contato com nosso agentes em Pirwa Travel em <span style=\"color: #000000;\">pirwatravel@gmail.com<\/span> para maiores informa\u00e7\u00f5es.<\/p>\n<h3><span style=\"color: #ff0000;\"><em><span style=\"color: #0000ff;\">PODEMOS ORGANIZAR A SUA VISITA A CUZCO, PERU PARA AS FESTAS DO INTI RAYMI (FESTA DO SOL) EM JUNHO 24 DE 2015. <\/span><\/em><\/span><span style=\"text-decoration: underline; color: #ff0000;\"><em><strong><br \/>\n<\/strong><\/em><\/span><\/h3>\n<p><strong>Pirwa travel <\/strong>\u00e9 uma agencia com mais de 10 anos no mercado Peruano e Boliviano. Pirwa travel oferece passeios, <strong> excurs\u00f5es,<\/strong> tours tur\u00edsticos por todo o Peru e na Bol\u00edvia. Oferecemos v\u00e1rios tipos de passeios, sejam arqueol\u00f3gicos, culturais, caminhadas, escaladas, canoagem, turismo ecol\u00f3gico,\u00a0 etc&#8230;<a href=\"http:\/\/www.pirwahostelscusco.com\/pt\/blog\/wp-content\/uploads\/2015\/09\/pirwa-travel.jpg\" rel=\"attachment wp-att-8146\"><img decoding=\"async\" loading=\"lazy\" class=\"aligncenter size-full wp-image-8146\" src=\"http:\/\/www.pirwahostelscusco.com\/pt\/blog\/wp-content\/uploads\/2015\/09\/pirwa-travel.jpg\" alt=\"pirwa travel\" width=\"1338\" height=\"950\" srcset=\"https:\/\/pirwatravel.com\/pt\/blog\/wp-content\/uploads\/2015\/09\/pirwa-travel.jpg 1338w, https:\/\/pirwatravel.com\/pt\/blog\/wp-content\/uploads\/2015\/09\/pirwa-travel-300x213.jpg 300w, https:\/\/pirwatravel.com\/pt\/blog\/wp-content\/uploads\/2015\/09\/pirwa-travel-1024x727.jpg 1024w\" sizes=\"(max-width: 1338px) 100vw, 1338px\" \/><\/a><\/p>\n<p>Para aquele que est\u00e3o procurando onde se <a href=\"https:\/\/www.pirwatravel.com\/pt\/hostels\/hostel-pirwa-colonial-1\/\">hospedagem em Cusco <\/a>para poderem visitar <span style=\"color: #000000;\">Cusco para o (Inti Raymi a festa do sol). <\/span>Pirwa Hostels \u00e9 uma rede, com mais 10 anos no mercado Peruano e Boliviano. Em Cusco temos 5 hostels. Para os que queiram mais informa\u00e7\u00f5es, por favor visitem nossas p\u00e1ginas, caso queiram mais informa\u00e7\u00f5es a respeitos de nosso pre\u00e7os etc.<a href=\"http:\/\/www.pirwahostelscusco.com\/pt\/blog\/wp-content\/uploads\/2015\/09\/PIRWA-HOSTELS.jpg\" rel=\"attachment wp-att-8145\"><img decoding=\"async\" loading=\"lazy\" class=\"aligncenter size-full wp-image-8145\" src=\"http:\/\/www.pirwahostelscusco.com\/pt\/blog\/wp-content\/uploads\/2015\/09\/PIRWA-HOSTELS.jpg\" alt=\"PIRWA HOSTELS\" width=\"1294\" height=\"882\" srcset=\"https:\/\/pirwatravel.com\/pt\/blog\/wp-content\/uploads\/2015\/09\/PIRWA-HOSTELS.jpg 1294w, https:\/\/pirwatravel.com\/pt\/blog\/wp-content\/uploads\/2015\/09\/PIRWA-HOSTELS-300x204.jpg 300w, https:\/\/pirwatravel.com\/pt\/blog\/wp-content\/uploads\/2015\/09\/PIRWA-HOSTELS-1024x698.jpg 1024w\" sizes=\"(max-width: 1294px) 100vw, 1294px\" \/><\/a><\/p>\n","protected":false},"excerpt":{"rendered":"<p>Conhe\u00e7am e n\u00e3o percam o Inti Raymi a incr\u00edvel festa do Sol em Cusco dia 24 Junio. Ol\u00e1 leitores hoje vamos falar da maior festa dos Andes. Vamos falar do Inty Raymi a festa do sol em Cuzco, Peru. Inti Raimi, a festa do sol da \u00e9poca do imp\u00e9rio Inca acontecia no final de junho, isto \u00e9, quando o solst\u00edcio de inverno e o sol est\u00e1 mais distante da Terra come\u00e7a. Ou seja, quando a colheita tem in\u00edcio. Todos os&#8230;<\/p>\n<p class=\"read-more\"><a class=\"btn btn-default\" href=\"https:\/\/pirwatravel.com\/pt\/blog\/conhecam-e-nao-percam-o-inti-raymi-a-incrivel-festa-do-sol-em-cusco-dia-24-junio\/\"> Read More<span class=\"screen-reader-text\">  Read More<\/span><\/a><\/p>\n","protected":false},"author":1,"featured_media":0,"comment_status":"closed","ping_status":"open","sticky":false,"template":"","format":"standard","meta":[],"categories":[1],"tags":[],"_links":{"self":[{"href":"https:\/\/pirwatravel.com\/pt\/blog\/wp-json\/wp\/v2\/posts\/8969"}],"collection":[{"href":"https:\/\/pirwatravel.com\/pt\/blog\/wp-json\/wp\/v2\/posts"}],"about":[{"href":"https:\/\/pirwatravel.com\/pt\/blog\/wp-json\/wp\/v2\/types\/post"}],"author":[{"embeddable":true,"href":"https:\/\/pirwatravel.com\/pt\/blog\/wp-json\/wp\/v2\/users\/1"}],"replies":[{"embeddable":true,"href":"https:\/\/pirwatravel.com\/pt\/blog\/wp-json\/wp\/v2\/comments?post=8969"}],"version-history":[{"count":2,"href":"https:\/\/pirwatravel.com\/pt\/blog\/wp-json\/wp\/v2\/posts\/8969\/revisions"}],"predecessor-version":[{"id":8971,"href":"https:\/\/pirwatravel.com\/pt\/blog\/wp-json\/wp\/v2\/posts\/8969\/revisions\/8971"}],"wp:attachment":[{"href":"https:\/\/pirwatravel.com\/pt\/blog\/wp-json\/wp\/v2\/media?parent=8969"}],"wp:term":[{"taxonomy":"category","embeddable":true,"href":"https:\/\/pirwatravel.com\/pt\/blog\/wp-json\/wp\/v2\/categories?post=8969"},{"taxonomy":"post_tag","embeddable":true,"href":"https:\/\/pirwatravel.com\/pt\/blog\/wp-json\/wp\/v2\/tags?post=8969"}],"curies":[{"name":"wp","href":"https:\/\/api.w.org\/{rel}","templated":true}]}}